{"id":118,"date":"2025-03-28T21:53:09","date_gmt":"2025-03-28T21:53:09","guid":{"rendered":"https:\/\/colminasas.com\/?p=118"},"modified":"2025-03-28T22:17:29","modified_gmt":"2025-03-28T22:17:29","slug":"responsabilidad-empresarial-en-la-mineria","status":"publish","type":"post","link":"https:\/\/colminasas.com\/index.php\/2025\/03\/28\/responsabilidad-empresarial-en-la-mineria\/","title":{"rendered":"Responsabilidad Empresarial en la Miner\u00eda."},"content":{"rendered":"\n<p class=\"wp-block-paragraph\"><strong>Proteger a las Poblaciones Vulnerables Afectadas por el Impacto Ambiental<\/strong><\/p>\n\n\n\n<p class=\"wp-block-paragraph\">La actividad minera, aunque esencial para el desarrollo econ\u00f3mico, genera retos considerables en el \u00e1mbito ambiental y social. En particular, las poblaciones vulnerables, que a menudo habitan cerca de las zonas de explotaci\u00f3n minera, son las m\u00e1s afectadas por los impactos negativos de estas actividades. Como CEO de <strong>COL MINA SAS<\/strong>, resulta imprescindible adoptar un enfoque de responsabilidad empresarial que priorice la protecci\u00f3n del entorno y el bienestar de estas comunidades.<\/p>\n\n\n\n<p class=\"wp-block-paragraph\"><strong>Impacto Ambiental en Poblaciones Vulnerables<\/strong><\/p>\n\n\n\n<p class=\"wp-block-paragraph\">Las poblaciones vulnerables son especialmente propensas a sufrir las consecuencias de la actividad minera, como la contaminaci\u00f3n de fuentes de agua, la p\u00e9rdida de tierras cultivables y los problemas de salud relacionados con la exposici\u00f3n a sustancias t\u00f3xicas. En muchos casos, estos grupos enfrentan mayores dificultades para acceder a recursos legales y mitigaci\u00f3n de da\u00f1os, lo que agrava su situaci\u00f3n.<\/p>\n\n\n\n<p class=\"wp-block-paragraph\"><strong>Marco Jur\u00eddico de la Responsabilidad Empresarial<\/strong><\/p>\n\n\n\n<p class=\"wp-block-paragraph\">El marco jur\u00eddico tanto nacional como internacional impone obligaciones claras a las empresas mineras respecto al impacto ambiental. Estas incluyen:<\/p>\n\n\n\n<ul class=\"wp-block-list\">\n<li><strong>Evaluaci\u00f3n de Impacto Ambiental (EIA)<\/strong>: Es obligatorio identificar y prever los riesgos para las comunidades antes de iniciar cualquier actividad minera.<\/li>\n\n\n\n<li><strong>Consulta Previa<\/strong>: Seg\u00fan la legislaci\u00f3n internacional, como el Convenio 169 de la OIT, las comunidades deben ser consultadas y participar en la toma de decisiones sobre proyectos que las afecten.<\/li>\n\n\n\n<li><strong>Compromisos de Mitigaci\u00f3n y Reparaci\u00f3n<\/strong>: Las empresas est\u00e1n obligadas a implementar planes que mitiguen los impactos y reparen los da\u00f1os ocasionados.<\/li>\n<\/ul>\n\n\n\n<p class=\"wp-block-paragraph\">El incumplimiento de estas disposiciones puede resultar en sanciones legales, da\u00f1os reputacionales y conflictos con las comunidades afectadas.<\/p>\n\n\n\n<p class=\"wp-block-paragraph\"><strong>Medidas de Prevenci\u00f3n y Protecci\u00f3n<\/strong><\/p>\n\n\n\n<p class=\"wp-block-paragraph\">Para garantizar la protecci\u00f3n de las poblaciones vulnerables, es esencial adoptar medidas proactivas, entre ellas:<\/p>\n\n\n\n<ol start=\"1\" class=\"wp-block-list\">\n<li><strong>Prevenci\u00f3n del Da\u00f1o<\/strong>: Implementar tecnolog\u00edas limpias y procesos sostenibles para minimizar los impactos ambientales desde el inicio.<\/li>\n\n\n\n<li><strong>Monitoreo Continuo<\/strong>: Mantener un seguimiento constante de las condiciones ambientales y sociales en las \u00e1reas de influencia.<\/li>\n\n\n\n<li><strong>Participaci\u00f3n Comunitaria<\/strong>: Fomentar la inclusi\u00f3n de las comunidades en la planificaci\u00f3n y ejecuci\u00f3n de proyectos.<\/li>\n\n\n\n<li><strong>Compensaci\u00f3n y Restauraci\u00f3n<\/strong>: En caso de impacto inevitable, las empresas deben compensar a las comunidades afectadas y restaurar el entorno natural.<\/li>\n<\/ol>\n\n\n\n<p class=\"wp-block-paragraph\"><\/p>\n\n\n\n<p class=\"wp-block-paragraph\"><strong>Compromiso con el Desarrollo Sostenible<\/strong><\/p>\n\n\n\n<p class=\"wp-block-paragraph\">La responsabilidad empresarial en el sector minero no solo radica en cumplir con los marcos legales, sino tambi\u00e9n en adoptar un compromiso \u00e9tico con el desarrollo sostenible. Esto implica no solo mitigar los impactos, sino tambi\u00e9n generar beneficios duraderos para las comunidades, como la creaci\u00f3n de empleo local, infraestructura y programas de educaci\u00f3n y salud.<\/p>\n\n\n\n<p class=\"wp-block-paragraph\"><strong>Conclusi\u00f3n<\/strong><\/p>\n\n\n\n<p class=\"wp-block-paragraph\"><strong>COL MINA SAS<\/strong> tiene la oportunidad de liderar un modelo de miner\u00eda responsable que priorice tanto el cuidado del medio ambiente como el bienestar de las poblaciones vulnerables. Proteger a quienes est\u00e1n m\u00e1s expuestos a los riesgos de la actividad minera no es solo una obligaci\u00f3n legal, sino tambi\u00e9n un compromiso moral que contribuye a un desarrollo m\u00e1s equitativo y sostenible.<\/p>\n","protected":false},"excerpt":{"rendered":"<p>Proteger a las Poblaciones Vulnerables Afectadas por el Impacto Ambiental La actividad minera, aunque esencial para el desarrollo econ\u00f3mico, genera retos considerables en el \u00e1mbito ambiental y social. En particular, las poblaciones vulnerables, que a menudo habitan cerca de las zonas de explotaci\u00f3n minera, son las m\u00e1s afectadas por los impactos negativos de estas actividades. [&hellip;]<\/p>\n","protected":false},"author":1,"featured_media":26,"comment_status":"open","ping_status":"open","sticky":false,"template":"","format":"standard","meta":{"footnotes":""},"categories":[1],"tags":[],"class_list":["post-118","post","type-post","status-publish","format-standard","has-post-thumbnail","hentry","category-uncategorized"],"_links":{"self":[{"href":"https:\/\/colminasas.com\/index.php\/wp-json\/wp\/v2\/posts\/118","targetHints":{"allow":["GET"]}}],"collection":[{"href":"https:\/\/colminasas.com\/index.php\/wp-json\/wp\/v2\/posts"}],"about":[{"href":"https:\/\/colminasas.com\/index.php\/wp-json\/wp\/v2\/types\/post"}],"author":[{"embeddable":true,"href":"https:\/\/colminasas.com\/index.php\/wp-json\/wp\/v2\/users\/1"}],"replies":[{"embeddable":true,"href":"https:\/\/colminasas.com\/index.php\/wp-json\/wp\/v2\/comments?post=118"}],"version-history":[{"count":2,"href":"https:\/\/colminasas.com\/index.php\/wp-json\/wp\/v2\/posts\/118\/revisions"}],"predecessor-version":[{"id":154,"href":"https:\/\/colminasas.com\/index.php\/wp-json\/wp\/v2\/posts\/118\/revisions\/154"}],"wp:featuredmedia":[{"embeddable":true,"href":"https:\/\/colminasas.com\/index.php\/wp-json\/wp\/v2\/media\/26"}],"wp:attachment":[{"href":"https:\/\/colminasas.com\/index.php\/wp-json\/wp\/v2\/media?parent=118"}],"wp:term":[{"taxonomy":"category","embeddable":true,"href":"https:\/\/colminasas.com\/index.php\/wp-json\/wp\/v2\/categories?post=118"},{"taxonomy":"post_tag","embeddable":true,"href":"https:\/\/colminasas.com\/index.php\/wp-json\/wp\/v2\/tags?post=118"}],"curies":[{"name":"wp","href":"https:\/\/api.w.org\/{rel}","templated":true}]}}