{"id":120,"date":"2025-03-28T21:53:52","date_gmt":"2025-03-28T21:53:52","guid":{"rendered":"https:\/\/colminasas.com\/?p=120"},"modified":"2025-03-28T22:17:00","modified_gmt":"2025-03-28T22:17:00","slug":"la-actividad-minera-y-su-papel-en-la-deforestacion","status":"publish","type":"post","link":"https:\/\/colminasas.com\/index.php\/2025\/03\/28\/la-actividad-minera-y-su-papel-en-la-deforestacion\/","title":{"rendered":"La Actividad Minera y su Papel en la Deforestaci\u00f3n."},"content":{"rendered":"\n<p class=\"wp-block-paragraph\"><strong>Responsabilidad y Estrategias de Prevenci\u00f3n<\/strong><\/p>\n\n\n\n<p class=\"wp-block-paragraph\">La actividad minera, aunque indispensable para el desarrollo econ\u00f3mico y la obtenci\u00f3n de recursos estrat\u00e9gicos, se encuentra entre las causas principales de la deforestaci\u00f3n a nivel global. Este impacto ambiental no solo altera los ecosistemas y la biodiversidad, sino que tambi\u00e9n pone en riesgo la sostenibilidad de los recursos naturales y las comunidades que dependen de ellos. Desde una perspectiva jur\u00eddica y ambiental, abordar este problema requiere una combinaci\u00f3n de cumplimiento normativo, innovaci\u00f3n y compromiso social.<\/p>\n\n\n\n<p class=\"wp-block-paragraph\"><strong>La Deforestaci\u00f3n Causada por la Miner\u00eda<\/strong><\/p>\n\n\n\n<p class=\"wp-block-paragraph\">La miner\u00eda contribuye a la deforestaci\u00f3n debido a actividades como la tala masiva para la construcci\u00f3n de infraestructuras, el movimiento de tierras, el desv\u00edo de cursos de agua y la contaminaci\u00f3n de suelos y r\u00edos. Estas pr\u00e1cticas no solo destruyen los h\u00e1bitats de diversas especies, sino que tambi\u00e9n afectan los ciclos h\u00eddricos y clim\u00e1ticos.<\/p>\n\n\n\n<p class=\"wp-block-paragraph\">En regiones como Am\u00e9rica Latina, la miner\u00eda ilegal y no regulada ha exacerbado este problema, generando una p\u00e9rdida acelerada de bosques y conflictos sociales. Las comunidades ind\u00edgenas y rurales, que dependen de los bosques para su sustento, son las m\u00e1s afectadas por estos impactos.<\/p>\n\n\n\n<p class=\"wp-block-paragraph\"><strong>Marco Jur\u00eddico para Prevenir la Deforestaci\u00f3n<\/strong><\/p>\n\n\n\n<p class=\"wp-block-paragraph\">El cumplimiento de la normativa ambiental es esencial para mitigar la deforestaci\u00f3n asociada a la miner\u00eda. En Colombia, por ejemplo, el marco legal incluye:<\/p>\n\n\n\n<ul class=\"wp-block-list\">\n<li><strong>Licencias Ambientales<\/strong>: La obtenci\u00f3n de permisos ambientales requiere de (EIA) estudios de impacto ambiental, que consideren la deforestaci\u00f3n y propongan medidas de compensaci\u00f3n.<\/li>\n\n\n\n<li><strong>Planes de Restauraci\u00f3n y Rehabilitaci\u00f3n<\/strong>: Es obligatorio implementar programas para restaurar las \u00e1reas afectadas tras el cese de actividades mineras.<\/li>\n\n\n\n<li><strong>Consulta Previa<\/strong>: La consulta con comunidades locales e ind\u00edgenas permite incorporar sus conocimientos y preocupaciones en los planes de manejo ambiental.<\/li>\n<\/ul>\n\n\n\n<p class=\"wp-block-paragraph\">A nivel internacional, acuerdos como el Acuerdo de Par\u00eds y la Agenda 2030 de las Naciones Unidas establecen metas claras para reducir la deforestaci\u00f3n y promover pr\u00e1cticas sostenibles.<\/p>\n\n\n\n<p class=\"wp-block-paragraph\"><strong>Estrategias para Evitar la Deforestaci\u00f3n<\/strong><\/p>\n\n\n\n<ol start=\"1\" class=\"wp-block-list\">\n<li><strong>Tecnolog\u00edas Limpias<\/strong>: Incorporar tecnolog\u00edas que minimicen la alteraci\u00f3n del terreno y reduzcan la tala innecesaria de \u00e1rboles.<\/li>\n\n\n\n<li><strong>Zonificaci\u00f3n Ecol\u00f3gica<\/strong>: Identificar \u00e1reas de alto valor ecol\u00f3gico que deben ser protegidas y evitar actividades mineras en esas zonas.<\/li>\n\n\n\n<li><strong>Programas de Reforestaci\u00f3n<\/strong>: Compensar el impacto con iniciativas de reforestaci\u00f3n que restauren los ecosistemas afectados.<\/li>\n\n\n\n<li><strong>Monitoreo y Fiscalizaci\u00f3n<\/strong>: Fortalecer los sistemas de vigilancia para prevenir la miner\u00eda ilegal y garantizar el cumplimiento de las normativas.<\/li>\n\n\n\n<li><strong>Educaci\u00f3n y Sensibilizaci\u00f3n<\/strong>: Trabajar con las comunidades para promover una miner\u00eda responsable y sostenible.<\/li>\n<\/ol>\n\n\n\n<p class=\"wp-block-paragraph\"><\/p>\n\n\n\n<p class=\"wp-block-paragraph\"><strong>Compromiso con la Sostenibilidad<\/strong><\/p>\n\n\n\n<p class=\"wp-block-paragraph\"><strong>COL MINA SAS<\/strong>, como empresa l\u00edder en el sector, tiene la oportunidad de ser un ejemplo en la lucha contra la deforestaci\u00f3n. Adoptar pr\u00e1cticas sostenibles no solo cumple con las obligaciones legales, sino que tambi\u00e9n fortalece la relaci\u00f3n con las comunidades y contribuye a la conservaci\u00f3n del medio ambiente.<\/p>\n\n\n\n<p class=\"wp-block-paragraph\">La actividad minera no tiene por qu\u00e9 estar re\u00f1ida con la protecci\u00f3n de los bosques. A trav\u00e9s de la innovaci\u00f3n, el compromiso \u00e9tico y la colaboraci\u00f3n con las partes interesadas, es posible lograr un equilibrio entre el desarrollo econ\u00f3mico y la sostenibilidad ambiental.<\/p>\n","protected":false},"excerpt":{"rendered":"<p>Responsabilidad y Estrategias de Prevenci\u00f3n La actividad minera, aunque indispensable para el desarrollo econ\u00f3mico y la obtenci\u00f3n de recursos estrat\u00e9gicos, se encuentra entre las causas principales de la deforestaci\u00f3n a nivel global. Este impacto ambiental no solo altera los ecosistemas y la biodiversidad, sino que tambi\u00e9n pone en riesgo la sostenibilidad de los recursos naturales [&hellip;]<\/p>\n","protected":false},"author":1,"featured_media":21,"comment_status":"open","ping_status":"open","sticky":false,"template":"","format":"standard","meta":{"footnotes":""},"categories":[1],"tags":[],"class_list":["post-120","post","type-post","status-publish","format-standard","has-post-thumbnail","hentry","category-uncategorized"],"_links":{"self":[{"href":"https:\/\/colminasas.com\/index.php\/wp-json\/wp\/v2\/posts\/120","targetHints":{"allow":["GET"]}}],"collection":[{"href":"https:\/\/colminasas.com\/index.php\/wp-json\/wp\/v2\/posts"}],"about":[{"href":"https:\/\/colminasas.com\/index.php\/wp-json\/wp\/v2\/types\/post"}],"author":[{"embeddable":true,"href":"https:\/\/colminasas.com\/index.php\/wp-json\/wp\/v2\/users\/1"}],"replies":[{"embeddable":true,"href":"https:\/\/colminasas.com\/index.php\/wp-json\/wp\/v2\/comments?post=120"}],"version-history":[{"count":2,"href":"https:\/\/colminasas.com\/index.php\/wp-json\/wp\/v2\/posts\/120\/revisions"}],"predecessor-version":[{"id":153,"href":"https:\/\/colminasas.com\/index.php\/wp-json\/wp\/v2\/posts\/120\/revisions\/153"}],"wp:featuredmedia":[{"embeddable":true,"href":"https:\/\/colminasas.com\/index.php\/wp-json\/wp\/v2\/media\/21"}],"wp:attachment":[{"href":"https:\/\/colminasas.com\/index.php\/wp-json\/wp\/v2\/media?parent=120"}],"wp:term":[{"taxonomy":"category","embeddable":true,"href":"https:\/\/colminasas.com\/index.php\/wp-json\/wp\/v2\/categories?post=120"},{"taxonomy":"post_tag","embeddable":true,"href":"https:\/\/colminasas.com\/index.php\/wp-json\/wp\/v2\/tags?post=120"}],"curies":[{"name":"wp","href":"https:\/\/api.w.org\/{rel}","templated":true}]}}