{"id":122,"date":"2025-03-28T21:54:50","date_gmt":"2025-03-28T21:54:50","guid":{"rendered":"https:\/\/colminasas.com\/?p=122"},"modified":"2025-03-28T22:16:12","modified_gmt":"2025-03-28T22:16:12","slug":"pasivos-ambientales-y-gestion-integral","status":"publish","type":"post","link":"https:\/\/colminasas.com\/index.php\/2025\/03\/28\/pasivos-ambientales-y-gestion-integral\/","title":{"rendered":"Pasivos Ambientales y Gesti\u00f3n Integral"},"content":{"rendered":"\n<p class=\"wp-block-paragraph\">La actividad minera, esencial para el progreso de las sociedades modernas, tambi\u00e9n genera desaf\u00edos significativos en materia ambiental, especialmente en relaci\u00f3n con los pasivos ambientales. Estos son los impactos negativos acumulados sobre el entorno, que surgen de pr\u00e1cticas inadecuadas de gesti\u00f3n minera. Como CEO de <strong>COL MINA SAS<\/strong>, resulta crucial comprender y abordar estas responsabilidades bajo un enfoque preventivo y reparador, alineado con los principios jur\u00eddicos y ambientales vigentes.<\/p>\n\n\n\n<p class=\"wp-block-paragraph\"><strong>El Pasivo Ambiental en la Miner\u00eda<\/strong><\/p>\n\n\n\n<p class=\"wp-block-paragraph\">Los pasivos ambientales incluyen contaminaci\u00f3n de suelos y aguas, deforestaci\u00f3n, alteraci\u00f3n de ecosistemas y acumulaci\u00f3n de residuos peligrosos. Afectaci\u00f3n que se puede surtir en uno o diferentes ecosistemas, en sus componentes bi\u00f3ticos y\/o abi\u00f3ticos. Estas consecuencias son, en su mayor\u00eda, el resultado de actividades mal planificadas o negligentes, y pueden representar riesgos significativos para la biodiversidad y la salud humana.<\/p>\n\n\n\n<p class=\"wp-block-paragraph\">A nivel jur\u00eddico, tanto legislaciones nacionales como internacionales establecen la obligaci\u00f3n de las empresas mineras de identificar, cuantificar y gestionar los pasivos ambientales. El incumplimiento de estas normas puede derivar en sanciones legales, conflictos con comunidades afectadas y da\u00f1os a la reputaci\u00f3n corporativa.<\/p>\n\n\n\n<p class=\"wp-block-paragraph\"><strong>Medidas de Prevenci\u00f3n, Mitigaci\u00f3n y Reparaci\u00f3n<\/strong><\/p>\n\n\n\n<ol start=\"1\" class=\"wp-block-list\">\n<li><strong>Prevenci\u00f3n<\/strong>: La mejor estrategia para minimizar los pasivos ambientales es prevenirlos desde el inicio. Esto implica la realizaci\u00f3n de estudios de impacto ambiental exhaustivos, la planificaci\u00f3n de actividades sostenibles y el uso de tecnolog\u00edas limpias que reduzcan la huella ecol\u00f3gica.<\/li>\n\n\n\n<li><strong>Mitigaci\u00f3n<\/strong>: Durante las operaciones, la empresa debe implementar medidas para mitigar los efectos adversos. Esto incluye el control de emisiones, el tratamiento de aguas residuales y la gesti\u00f3n adecuada de desechos.<\/li>\n\n\n\n<li><strong>Reparaci\u00f3n<\/strong>: En caso de da\u00f1os ambientales, es fundamental llevar a cabo acciones de restauraci\u00f3n, como la reforestaci\u00f3n, la remediaci\u00f3n de suelos contaminados y la rehabilitaci\u00f3n de \u00e1reas afectadas. Estas medidas no solo cumplen con obligaciones legales, sino que tambi\u00e9n demuestran un compromiso \u00e9tico.<\/li>\n\n\n\n<li><strong>Sustituci\u00f3n y Compensaci\u00f3n<\/strong>: Cuando la reparaci\u00f3n directa no es posible, las empresas deben recurrir a estrategias de compensaci\u00f3n, como la creaci\u00f3n de reservas naturales o la inversi\u00f3n en proyectos de conservaci\u00f3n ambiental.<\/li>\n<\/ol>\n\n\n\n<p class=\"wp-block-paragraph\"><\/p>\n\n\n\n<p class=\"wp-block-paragraph\"><strong>Hacia un Enfoque Responsable y Sostenible<\/strong><\/p>\n\n\n\n<p class=\"wp-block-paragraph\">La gesti\u00f3n de los pasivos ambientales no solo es un imperativo legal, sino tambi\u00e9n una oportunidad para fortalecer la sostenibilidad de la industria minera. Adoptar estas medidas contribuye a mejorar las relaciones con las comunidades locales, proteger el medio ambiente y garantizar la viabilidad a largo plazo de las operaciones mineras.<\/p>\n\n\n\n<p class=\"wp-block-paragraph\">En <strong>COL MINA SAS<\/strong>, el cumplimiento de estas responsabilidades refleja un compromiso con la miner\u00eda responsable y con el bienestar de las generaciones futuras. La sostenibilidad no es solo un ideal; es la base de una miner\u00eda \u00e9tica y respetuosa con el entorno.<\/p>\n","protected":false},"excerpt":{"rendered":"<p>La actividad minera, esencial para el progreso de las sociedades modernas, tambi\u00e9n genera desaf\u00edos significativos en materia ambiental, especialmente en relaci\u00f3n con los pasivos ambientales. Estos son los impactos negativos acumulados sobre el entorno, que surgen de pr\u00e1cticas inadecuadas de gesti\u00f3n minera. Como CEO de COL MINA SAS, resulta crucial comprender y abordar estas responsabilidades [&hellip;]<\/p>\n","protected":false},"author":1,"featured_media":22,"comment_status":"open","ping_status":"open","sticky":false,"template":"","format":"standard","meta":{"footnotes":""},"categories":[1],"tags":[],"class_list":["post-122","post","type-post","status-publish","format-standard","has-post-thumbnail","hentry","category-uncategorized"],"_links":{"self":[{"href":"https:\/\/colminasas.com\/index.php\/wp-json\/wp\/v2\/posts\/122","targetHints":{"allow":["GET"]}}],"collection":[{"href":"https:\/\/colminasas.com\/index.php\/wp-json\/wp\/v2\/posts"}],"about":[{"href":"https:\/\/colminasas.com\/index.php\/wp-json\/wp\/v2\/types\/post"}],"author":[{"embeddable":true,"href":"https:\/\/colminasas.com\/index.php\/wp-json\/wp\/v2\/users\/1"}],"replies":[{"embeddable":true,"href":"https:\/\/colminasas.com\/index.php\/wp-json\/wp\/v2\/comments?post=122"}],"version-history":[{"count":2,"href":"https:\/\/colminasas.com\/index.php\/wp-json\/wp\/v2\/posts\/122\/revisions"}],"predecessor-version":[{"id":152,"href":"https:\/\/colminasas.com\/index.php\/wp-json\/wp\/v2\/posts\/122\/revisions\/152"}],"wp:featuredmedia":[{"embeddable":true,"href":"https:\/\/colminasas.com\/index.php\/wp-json\/wp\/v2\/media\/22"}],"wp:attachment":[{"href":"https:\/\/colminasas.com\/index.php\/wp-json\/wp\/v2\/media?parent=122"}],"wp:term":[{"taxonomy":"category","embeddable":true,"href":"https:\/\/colminasas.com\/index.php\/wp-json\/wp\/v2\/categories?post=122"},{"taxonomy":"post_tag","embeddable":true,"href":"https:\/\/colminasas.com\/index.php\/wp-json\/wp\/v2\/tags?post=122"}],"curies":[{"name":"wp","href":"https:\/\/api.w.org\/{rel}","templated":true}]}}